{"id":13938,"date":"2019-09-09T14:01:15","date_gmt":"2019-09-09T12:01:15","guid":{"rendered":"http:\/\/biblioteka.strumien.pl\/?p=13938"},"modified":"2020-03-25T15:26:44","modified_gmt":"2020-03-25T14:26:44","slug":"narodowe-czytanie-7","status":"publish","type":"post","link":"https:\/\/www.biblioteka-strumien.pl\/index.php\/2019\/09\/09\/narodowe-czytanie-7\/","title":{"rendered":"NARODOWE CZYTANIE"},"content":{"rendered":"\n<figure class=\"wp-block-image size-large\"><img loading=\"lazy\" decoding=\"async\" width=\"1024\" height=\"683\" src=\"http:\/\/biblioteka-strumien.pl\/wp-content\/uploads\/2019\/09\/001.jpg\" alt=\"\" class=\"wp-image-15879\" srcset=\"https:\/\/www.biblioteka-strumien.pl\/wp-content\/uploads\/2019\/09\/001.jpg 1024w, https:\/\/www.biblioteka-strumien.pl\/wp-content\/uploads\/2019\/09\/001-400x267.jpg 400w, https:\/\/www.biblioteka-strumien.pl\/wp-content\/uploads\/2019\/09\/001-150x100.jpg 150w, https:\/\/www.biblioteka-strumien.pl\/wp-content\/uploads\/2019\/09\/001-768x512.jpg 768w, https:\/\/www.biblioteka-strumien.pl\/wp-content\/uploads\/2019\/09\/001-391x260.jpg 391w\" sizes=\"auto, (max-width: 1024px) 100vw, 1024px\" \/><\/figure>\n\n\n\n<p>7 wrze\u015bnia &nbsp;po raz\nkolejny Miejska Biblioteka Publiczna w Strumieniu &nbsp;w\u0142\u0105czy\u0142a si\u0119 w akcj\u0119 \u201eNarodowego Czytania\u201d\nkt\u00f3rej honorowy patronat obj\u0119\u0142a Para Prezydencka. W tym roku wyb\u00f3r pad\u0142 na\nNowele Polskie (Dobra Pani, Dym, Katarynka, M\u00f3j ojciec wst\u0119puje do stra\u017cak\u00f3w, Orka,\nRozdzi\u00f3bi\u0105 nas kruki, wrony\u2026, &nbsp;Sachem, Sawa),\nkt\u00f3re czytali razem z nami Pani Jadwiga Grygierczyk oraz Adam Myrczek \u2013 aktorzy\nTeatru Polskiego w Bielsku-Bia\u0142ej, Anna Grygierek \u2013 Burmistrz Strumienia, uczniowie\nSzko\u0142y Podstawowej w Strumieniu oraz ch\u0119tni czytelnicy. Wszystkim serdecznie\ndzi\u0119kujemy i zapraszamy do obejrzenia zdj\u0119\u0107 w galerii.<\/p>\n","protected":false},"excerpt":{"rendered":"<p>7 wrze\u015bnia &nbsp;po raz kolejny Miejska Biblioteka Publiczna w Strumieniu &nbsp;w\u0142\u0105czy\u0142a si\u0119 w akcj\u0119 \u201eNarodowego Czytania\u201d kt\u00f3rej honorowy patronat obj\u0119\u0142a Para Prezydencka. W tym roku wyb\u00f3r pad\u0142 na Nowele Polskie (Dobra Pani, Dym, Katarynka, M\u00f3j ojciec wst\u0119puje do stra\u017cak\u00f3w, Orka, Rozdzi\u00f3bi\u0105 nas kruki, wrony\u2026, &nbsp;Sachem, Sawa), kt\u00f3re czytali razem z nami Pani Jadwiga Grygierczyk oraz&#8230;<\/p>\n","protected":false},"author":1,"featured_media":13940,"comment_status":"open","ping_status":"open","sticky":false,"template":"","format":"standard","meta":{"ngg_post_thumbnail":0,"_kad_post_transparent":"","_kad_post_title":"","_kad_post_layout":"","_kad_post_sidebar_id":"","_kad_post_content_style":"","_kad_post_vertical_padding":"","_kad_post_feature":"","_kad_post_feature_position":"","_kad_post_header":false,"_kad_post_footer":false,"_kad_post_classname":"","footnotes":""},"categories":[3],"tags":[],"class_list":["post-13938","post","type-post","status-publish","format-standard","has-post-thumbnail","hentry","category-aktualnosci"],"_links":{"self":[{"href":"https:\/\/www.biblioteka-strumien.pl\/index.php\/wp-json\/wp\/v2\/posts\/13938","targetHints":{"allow":["GET"]}}],"collection":[{"href":"https:\/\/www.biblioteka-strumien.pl\/index.php\/wp-json\/wp\/v2\/posts"}],"about":[{"href":"https:\/\/www.biblioteka-strumien.pl\/index.php\/wp-json\/wp\/v2\/types\/post"}],"author":[{"embeddable":true,"href":"https:\/\/www.biblioteka-strumien.pl\/index.php\/wp-json\/wp\/v2\/users\/1"}],"replies":[{"embeddable":true,"href":"https:\/\/www.biblioteka-strumien.pl\/index.php\/wp-json\/wp\/v2\/comments?post=13938"}],"version-history":[{"count":0,"href":"https:\/\/www.biblioteka-strumien.pl\/index.php\/wp-json\/wp\/v2\/posts\/13938\/revisions"}],"wp:featuredmedia":[{"embeddable":true,"href":"https:\/\/www.biblioteka-strumien.pl\/index.php\/wp-json\/"}],"wp:attachment":[{"href":"https:\/\/www.biblioteka-strumien.pl\/index.php\/wp-json\/wp\/v2\/media?parent=13938"}],"wp:term":[{"taxonomy":"category","embeddable":true,"href":"https:\/\/www.biblioteka-strumien.pl\/index.php\/wp-json\/wp\/v2\/categories?post=13938"},{"taxonomy":"post_tag","embeddable":true,"href":"https:\/\/www.biblioteka-strumien.pl\/index.php\/wp-json\/wp\/v2\/tags?post=13938"}],"curies":[{"name":"wp","href":"https:\/\/api.w.org\/{rel}","templated":true}]}}